{"id":131,"date":"2025-06-21T11:51:40","date_gmt":"2025-06-21T09:51:40","guid":{"rendered":"https:\/\/blog.lelabcycling.com\/?p=131"},"modified":"2025-06-30T12:02:41","modified_gmt":"2025-06-30T10:02:41","slug":"nouveaute-au-lab-cycling-des-massages-sportifs-sur-mesure-pour-optimiser-votre-recuperation","status":"publish","type":"post","link":"https:\/\/blog.lelabcycling.com\/index.php\/2025\/06\/21\/nouveaute-au-lab-cycling-des-massages-sportifs-sur-mesure-pour-optimiser-votre-recuperation\/","title":{"rendered":"Nouveaut\u00e9 au Lab Cycling : des massages sportifs sur-mesure pour optimiser votre r\u00e9cup\u00e9ration"},"content":{"rendered":"\t\t<div data-elementor-type=\"wp-post\" data-elementor-id=\"131\" class=\"elementor elementor-131\">\n\t\t\t\t<div class=\"elementor-element elementor-element-6dd0843 e-flex e-con-boxed e-con e-parent\" data-id=\"6dd0843\" data-element_type=\"container\" data-e-type=\"container\">\n\t\t\t\t\t<div class=\"e-con-inner\">\n\t\t\t\t<div class=\"elementor-element elementor-element-6bcb163 elementor-widget elementor-widget-text-editor\" data-id=\"6bcb163\" data-element_type=\"widget\" data-e-type=\"widget\" data-widget_type=\"text-editor.default\">\n\t\t\t\t<div class=\"elementor-widget-container\">\n\t\t\t\t\t\t\t\t\t<p><span style=\"caret-color: #000000; color: #000000; font-size: medium;\">Au LAB Cycling, notre mission est de vous accompagner bien au-del\u00e0 de l\u2019entra\u00eenement. L\u2019effort physique ne suffit pas : une r\u00e9cup\u00e9ration de qualit\u00e9 est essentielle pour progresser, \u00e9viter les blessures, et continuer \u00e0 performer s\u00e9ance apr\u00e8s s\u00e9ance. C\u2019est pourquoi nous sommes ravis de vous annoncer un nouveau partenariat avec deux experts de la r\u00e9cup\u00e9ration musculaire :\u00a0<\/span><strong style=\"caret-color: #000000; color: #000000;\" data-start=\"659\" data-end=\"676\">Chris et Fred<\/strong><span style=\"caret-color: #000000; color: #000000; font-size: medium;\">, masseurs professionnels pour les sportifs.<\/span><\/p>\t\t\t\t\t\t\t\t<\/div>\n\t\t\t\t<\/div>\n\t\t\t\t\t<\/div>\n\t\t\t\t<\/div>\n\t\t<div class=\"elementor-element elementor-element-0eaa6aa e-flex e-con-boxed e-con e-parent\" data-id=\"0eaa6aa\" data-element_type=\"container\" data-e-type=\"container\">\n\t\t\t\t\t<div class=\"e-con-inner\">\n\t\t\t\t<div class=\"elementor-element elementor-element-81530a7 elementor-widget elementor-widget-spacer\" data-id=\"81530a7\" data-element_type=\"widget\" data-e-type=\"widget\" data-widget_type=\"spacer.default\">\n\t\t\t\t<div class=\"elementor-widget-container\">\n\t\t\t\t\t\t\t<div class=\"elementor-spacer\">\n\t\t\t<div class=\"elementor-spacer-inner\"><\/div>\n\t\t<\/div>\n\t\t\t\t\t\t<\/div>\n\t\t\t\t<\/div>\n\t\t\t\t\t<\/div>\n\t\t\t\t<\/div>\n\t\t<div class=\"elementor-element elementor-element-fadc8a6 e-flex e-con-boxed e-con e-parent\" data-id=\"fadc8a6\" data-element_type=\"container\" data-e-type=\"container\">\n\t\t\t\t\t<div class=\"e-con-inner\">\n\t\t\t\t<div class=\"elementor-element elementor-element-e25d18b elementor-widget elementor-widget-heading\" data-id=\"e25d18b\" data-element_type=\"widget\" data-e-type=\"widget\" data-widget_type=\"heading.default\">\n\t\t\t\t<div class=\"elementor-widget-container\">\n\t\t\t\t\t<h2 class=\"elementor-heading-title elementor-size-default\">Un service compl\u00e9mentaire dans l'enceinte du Lab<\/h2>\t\t\t\t<\/div>\n\t\t\t\t<\/div>\n\t\t\t\t\t<\/div>\n\t\t\t\t<\/div>\n\t\t<div class=\"elementor-element elementor-element-3f94a1a e-flex e-con-boxed e-con e-parent\" data-id=\"3f94a1a\" data-element_type=\"container\" data-e-type=\"container\">\n\t\t\t\t\t<div class=\"e-con-inner\">\n\t\t\t\t<div class=\"elementor-element elementor-element-dc1ac5d elementor-widget elementor-widget-text-editor\" data-id=\"dc1ac5d\" data-element_type=\"widget\" data-e-type=\"widget\" data-widget_type=\"text-editor.default\">\n\t\t\t\t<div class=\"elementor-widget-container\">\n\t\t\t\t\t\t\t\t\t<p style=\"caret-color: #000000; color: #000000;\" data-start=\"792\" data-end=\"1122\">Chris et Fred interviennent directement au LAB pour proposer des\u00a0<strong data-start=\"869\" data-end=\"908\">massages cibl\u00e9s de 15 ou 30 minutes<\/strong>, \u00e0 la carte ou sous forme d\u2019abonnement. Leur pr\u00e9sence sur place, dans un cr\u00e9neau r\u00e9serv\u00e9 aux adh\u00e9rents, vous permet de profiter d\u2019un moment de r\u00e9cup\u00e9ration efficace sans quitter votre environnement d\u2019entra\u00eenement.<\/p><p style=\"caret-color: #000000; color: #000000;\" data-start=\"1124\" data-end=\"1490\">Ce service s\u2019adresse \u00e0\u00a0<strong data-start=\"1147\" data-end=\"1167\">tous les profils<\/strong>, que vous soyez cycliste intensif, amateur de HIIT ou en reprise progressive. Chaque massage est pens\u00e9 pour d\u00e9tendre les zones sollicit\u00e9es, soulager les tensions musculaires et\u00a0<strong data-start=\"1345\" data-end=\"1387\">acc\u00e9l\u00e9rer le processus de r\u00e9g\u00e9n\u00e9ration<\/strong>. Le but ? Vous permettre de rester constant(e) dans votre pratique, sans douleur ni fatigue chronique.<\/p>\t\t\t\t\t\t\t\t<\/div>\n\t\t\t\t<\/div>\n\t\t\t\t\t<\/div>\n\t\t\t\t<\/div>\n\t\t<div class=\"elementor-element elementor-element-bff4cde e-flex e-con-boxed e-con e-parent\" data-id=\"bff4cde\" data-element_type=\"container\" data-e-type=\"container\">\n\t\t\t\t\t<div class=\"e-con-inner\">\n\t\t\t\t<div class=\"elementor-element elementor-element-42e149c elementor-widget elementor-widget-spacer\" data-id=\"42e149c\" data-element_type=\"widget\" data-e-type=\"widget\" data-widget_type=\"spacer.default\">\n\t\t\t\t<div class=\"elementor-widget-container\">\n\t\t\t\t\t\t\t<div class=\"elementor-spacer\">\n\t\t\t<div class=\"elementor-spacer-inner\"><\/div>\n\t\t<\/div>\n\t\t\t\t\t\t<\/div>\n\t\t\t\t<\/div>\n\t\t\t\t\t<\/div>\n\t\t\t\t<\/div>\n\t\t<div class=\"elementor-element elementor-element-87d1211 e-flex e-con-boxed e-con e-parent\" data-id=\"87d1211\" data-element_type=\"container\" data-e-type=\"container\">\n\t\t\t\t\t<div class=\"e-con-inner\">\n\t\t\t\t<div class=\"elementor-element elementor-element-7aaff23 elementor-widget elementor-widget-heading\" data-id=\"7aaff23\" data-element_type=\"widget\" data-e-type=\"widget\" data-widget_type=\"heading.default\">\n\t\t\t\t<div class=\"elementor-widget-container\">\n\t\t\t\t\t<h2 class=\"elementor-heading-title elementor-size-default\">Le massage sportif : c'est quoi exactement ?<\/h2>\t\t\t\t<\/div>\n\t\t\t\t<\/div>\n\t\t\t\t\t<\/div>\n\t\t\t\t<\/div>\n\t\t<div class=\"elementor-element elementor-element-a451809 e-flex e-con-boxed e-con e-parent\" data-id=\"a451809\" data-element_type=\"container\" data-e-type=\"container\">\n\t\t\t\t\t<div class=\"e-con-inner\">\n\t\t\t\t<div class=\"elementor-element elementor-element-e73466e elementor-widget elementor-widget-text-editor\" data-id=\"e73466e\" data-element_type=\"widget\" data-e-type=\"widget\" data-widget_type=\"text-editor.default\">\n\t\t\t\t<div class=\"elementor-widget-container\">\n\t\t\t\t\t\t\t\t\t<p style=\"caret-color: #000000; color: #000000;\" data-start=\"176\" data-end=\"597\">Le massage sportif est une technique de soin sp\u00e9cifiquement con\u00e7ue pour accompagner les pratiquants d\u2019activit\u00e9s physiques dans toutes les phases de leur entra\u00eenement : avant, pendant ou apr\u00e8s l\u2019effort. Contrairement au massage de d\u00e9tente classique, il cible en priorit\u00e9 les&nbsp;<strong data-start=\"450\" data-end=\"484\">groupes musculaires sollicit\u00e9s<\/strong>&nbsp;afin d\u2019optimiser la pr\u00e9paration,&nbsp;<strong data-start=\"518\" data-end=\"547\">am\u00e9liorer la r\u00e9cup\u00e9ration<\/strong>, soulager les tensions et pr\u00e9venir les blessures.<\/p>\n<p style=\"caret-color: #000000; color: #000000;\" data-start=\"599\" data-end=\"917\">En post-entra\u00eenement, il agit comme un v\u00e9ritable outil de r\u00e9g\u00e9n\u00e9ration musculaire : il r\u00e9duit les courbatures, acc\u00e9l\u00e8re le drainage des toxines, rel\u00e2che les points de tension et&nbsp;<strong data-start=\"777\" data-end=\"816\">r\u00e9\u00e9quilibre les cha\u00eenes musculaires<\/strong>. Bien r\u00e9alis\u00e9, il contribue \u00e0 pr\u00e9server la mobilit\u00e9, la souplesse et la r\u00e9gularit\u00e9 dans la pratique.<\/p>\n<p style=\"caret-color: #000000; color: #000000;\" data-start=\"919\" data-end=\"1229\">C\u2019est un soin dynamique, pr\u00e9cis, parfois profond, mais toujours adapt\u00e9 au niveau et \u00e0 la sensibilit\u00e9 de chacun. Au Lab, chaque massage est&nbsp;<strong data-start=\"1066\" data-end=\"1110\">personnalis\u00e9 selon vos besoins du moment<\/strong>, pour faire du massage sportif un vrai partenaire d\u2019entra\u00eenement \u2014 et non un luxe r\u00e9serv\u00e9 aux athl\u00e8tes de haut niveau.<\/p>\t\t\t\t\t\t\t\t<\/div>\n\t\t\t\t<\/div>\n\t\t\t\t\t<\/div>\n\t\t\t\t<\/div>\n\t\t<div class=\"elementor-element elementor-element-f596b1c e-flex e-con-boxed e-con e-parent\" data-id=\"f596b1c\" data-element_type=\"container\" data-e-type=\"container\">\n\t\t\t\t\t<div class=\"e-con-inner\">\n\t\t\t\t<div class=\"elementor-element elementor-element-31abdbf elementor-widget elementor-widget-image\" data-id=\"31abdbf\" data-element_type=\"widget\" data-e-type=\"widget\" data-widget_type=\"image.default\">\n\t\t\t\t<div class=\"elementor-widget-container\">\n\t\t\t\t\t\t\t\t\t\t\t\t\t\t\t<img fetchpriority=\"high\" decoding=\"async\" width=\"768\" height=\"768\" src=\"https:\/\/blog.lelabcycling.com\/wp-content\/uploads\/2025\/06\/azeghjhg-768x768.png\" class=\"attachment-medium_large size-medium_large wp-image-132\" alt=\"\" srcset=\"https:\/\/blog.lelabcycling.com\/wp-content\/uploads\/2025\/06\/azeghjhg-768x768.png 768w, https:\/\/blog.lelabcycling.com\/wp-content\/uploads\/2025\/06\/azeghjhg-300x300.png 300w, https:\/\/blog.lelabcycling.com\/wp-content\/uploads\/2025\/06\/azeghjhg-1024x1024.png 1024w, https:\/\/blog.lelabcycling.com\/wp-content\/uploads\/2025\/06\/azeghjhg-150x150.png 150w, https:\/\/blog.lelabcycling.com\/wp-content\/uploads\/2025\/06\/azeghjhg.png 1080w\" sizes=\"(max-width: 768px) 100vw, 768px\" \/>\t\t\t\t\t\t\t\t\t\t\t\t\t\t\t<\/div>\n\t\t\t\t<\/div>\n\t\t\t\t\t<\/div>\n\t\t\t\t<\/div>\n\t\t<div class=\"elementor-element elementor-element-1f78efe e-flex e-con-boxed e-con e-parent\" data-id=\"1f78efe\" data-element_type=\"container\" data-e-type=\"container\">\n\t\t\t\t\t<div class=\"e-con-inner\">\n\t\t\t\t<div class=\"elementor-element elementor-element-8c3bd76 elementor-widget elementor-widget-spacer\" data-id=\"8c3bd76\" data-element_type=\"widget\" data-e-type=\"widget\" data-widget_type=\"spacer.default\">\n\t\t\t\t<div class=\"elementor-widget-container\">\n\t\t\t\t\t\t\t<div class=\"elementor-spacer\">\n\t\t\t<div class=\"elementor-spacer-inner\"><\/div>\n\t\t<\/div>\n\t\t\t\t\t\t<\/div>\n\t\t\t\t<\/div>\n\t\t\t\t\t<\/div>\n\t\t\t\t<\/div>\n\t\t<div class=\"elementor-element elementor-element-69a4b93 e-flex e-con-boxed e-con e-parent\" data-id=\"69a4b93\" data-element_type=\"container\" data-e-type=\"container\">\n\t\t\t\t\t<div class=\"e-con-inner\">\n\t\t\t\t<div class=\"elementor-element elementor-element-a6d3870 elementor-widget elementor-widget-heading\" data-id=\"a6d3870\" data-element_type=\"widget\" data-e-type=\"widget\" data-widget_type=\"heading.default\">\n\t\t\t\t<div class=\"elementor-widget-container\">\n\t\t\t\t\t<h2 class=\"elementor-heading-title elementor-size-default\">Qui sont Chris et Fred ?<\/h2>\t\t\t\t<\/div>\n\t\t\t\t<\/div>\n\t\t\t\t<div class=\"elementor-element elementor-element-09aac1f elementor-widget elementor-widget-text-editor\" data-id=\"09aac1f\" data-element_type=\"widget\" data-e-type=\"widget\" data-widget_type=\"text-editor.default\">\n\t\t\t\t<div class=\"elementor-widget-container\">\n\t\t\t\t\t\t\t\t\t<p data-start=\"1530\" data-end=\"1881\">Tous deux passionn\u00e9s de sport (cyclisme, trail, renfo, spinning, montagne), <strong data-start=\"1606\" data-end=\"1615\">Chris<\/strong> et <strong data-start=\"1619\" data-end=\"1627\">Fred<\/strong> sont dipl\u00f4m\u00e9s en massage pour le sportif, massage su\u00e9dois, deep tissue, et autres techniques sp\u00e9cifiques. Ils ont accompagn\u00e9 de nombreux \u00e9v\u00e9nements sportifs d\u2019envergure comme le Marathon Nice-Cannes, la Transv\u00e9subienne ou le Tour des Vall\u00e9es Azur\u00e9ennes.<\/p><p data-start=\"1883\" data-end=\"2138\">Leur approche est \u00e0 la fois <strong data-start=\"1911\" data-end=\"1950\">technique, humaine et bienveillante<\/strong>. Le massage ne rime pas toujours avec douleur : ils adaptent leur m\u00e9thode \u00e0 votre niveau de fatigue, \u00e0 vos besoins du moment, et vous apportent des conseils de r\u00e9cup\u00e9ration personnalis\u00e9s.<\/p>\t\t\t\t\t\t\t\t<\/div>\n\t\t\t\t<\/div>\n\t\t\t\t\t<\/div>\n\t\t\t\t<\/div>\n\t\t<div class=\"elementor-element elementor-element-9029568 e-flex e-con-boxed e-con e-parent\" data-id=\"9029568\" data-element_type=\"container\" data-e-type=\"container\">\n\t\t\t\t\t<div class=\"e-con-inner\">\n\t\t\t\t<div class=\"elementor-element elementor-element-7e6c74d elementor-widget elementor-widget-spacer\" data-id=\"7e6c74d\" data-element_type=\"widget\" data-e-type=\"widget\" data-widget_type=\"spacer.default\">\n\t\t\t\t<div class=\"elementor-widget-container\">\n\t\t\t\t\t\t\t<div class=\"elementor-spacer\">\n\t\t\t<div class=\"elementor-spacer-inner\"><\/div>\n\t\t<\/div>\n\t\t\t\t\t\t<\/div>\n\t\t\t\t<\/div>\n\t\t\t\t<div class=\"elementor-element elementor-element-7527163 elementor-widget elementor-widget-heading\" data-id=\"7527163\" data-element_type=\"widget\" data-e-type=\"widget\" data-widget_type=\"heading.default\">\n\t\t\t\t<div class=\"elementor-widget-container\">\n\t\t\t\t\t<h2 class=\"elementor-heading-title elementor-size-default\">Cr\u00e9neaux et tarifs<\/h2>\t\t\t\t<\/div>\n\t\t\t\t<\/div>\n\t\t\t\t\t<\/div>\n\t\t\t\t<\/div>\n\t\t<div class=\"elementor-element elementor-element-296a498 e-flex e-con-boxed e-con e-parent\" data-id=\"296a498\" data-element_type=\"container\" data-e-type=\"container\">\n\t\t\t\t\t<div class=\"e-con-inner\">\n\t\t\t\t<div class=\"elementor-element elementor-element-f26d4a7 elementor-widget elementor-widget-text-editor\" data-id=\"f26d4a7\" data-element_type=\"widget\" data-e-type=\"widget\" data-widget_type=\"text-editor.default\">\n\t\t\t\t<div class=\"elementor-widget-container\">\n\t\t\t\t\t\t\t\t\t<p data-start=\"2172\" data-end=\"2265\"><strong data-start=\"2172\" data-end=\"2206\">Cr\u00e9neaux disponibles<\/strong>\u00a0:<br data-start=\"2208\" data-end=\"2211\" \/>\u2022 Jeudi de 18h00 \u00e0 20h30<br data-start=\"2235\" data-end=\"2238\" \/>\u2022 Samedi de 11h00 \u00e0 12h30<\/p><p data-start=\"2267\" data-end=\"2401\"><strong data-start=\"2267\" data-end=\"2283\">\u00c0 la carte :<\/strong><br data-start=\"2283\" data-end=\"2286\" \/>\u2022 15 minutes \u2192 25 \u20ac (massage express cibl\u00e9)<br data-start=\"2329\" data-end=\"2332\" \/>\u2022 30 minutes \u2192 45 \u20ac (r\u00e9cup\u00e9ration compl\u00e8te : jambes, dos, \u00e9paules&#8230;)<\/p><p data-start=\"2403\" data-end=\"2524\"><strong data-start=\"2403\" data-end=\"2432\">Packs (valables 2 mois) :<\/strong><br data-start=\"2432\" data-end=\"2435\" \/>\u2022 5 x 15 min \u2192 110 \u20ac \/ 10 x 15 min \u2192 200 \u20ac<br data-start=\"2477\" data-end=\"2480\" \/>\u2022 5 x 30 min \u2192 210 \u20ac \/ 10 x 30 min \u2192 400 \u20ac<\/p><p data-start=\"2526\" data-end=\"2710\"><strong data-start=\"2526\" data-end=\"2552\">Abonnements mensuels :<\/strong><br data-start=\"2552\" data-end=\"2555\" \/>\u2022 Mini R\u00e9cup : 15 min x 4\/mois \u2192 85 \u20ac<br data-start=\"2592\" data-end=\"2595\" \/>\u2022 R\u00e9cup+ : 15 min x 8\/mois \u2192 160 \u20ac<br data-start=\"2629\" data-end=\"2632\" \/>\u2022 Focus Pro : 30 min x 4\/mois \u2192 160 \u20ac<br data-start=\"2669\" data-end=\"2672\" \/>\u2022 Full R\u00e9cup : 30 min x 8\/mois \u2192 300 \u20ac<\/p>\t\t\t\t\t\t\t\t<\/div>\n\t\t\t\t<\/div>\n\t\t\t\t\t<\/div>\n\t\t\t\t<\/div>\n\t\t<div class=\"elementor-element elementor-element-108bae3 e-flex e-con-boxed e-con e-parent\" data-id=\"108bae3\" data-element_type=\"container\" data-e-type=\"container\">\n\t\t\t\t\t<div class=\"e-con-inner\">\n\t\t\t\t<div class=\"elementor-element elementor-element-fb5da3d elementor-align-center elementor-widget elementor-widget-button\" data-id=\"fb5da3d\" data-element_type=\"widget\" data-e-type=\"widget\" data-widget_type=\"button.default\">\n\t\t\t\t<div class=\"elementor-widget-container\">\n\t\t\t\t\t\t\t\t\t<div class=\"elementor-button-wrapper\">\n\t\t\t\t\t<a class=\"elementor-button elementor-button-link elementor-size-sm\" href=\"https:\/\/backoffice.bsport.io\/m\/Le%20Lab%20Cycling\/3076\/private-service\/22216?tabSelected=1\">\n\t\t\t\t\t\t<span class=\"elementor-button-content-wrapper\">\n\t\t\t\t\t\t\t\t\t<span class=\"elementor-button-text\">R\u00e9servez votre cr\u00e9neau<\/span>\n\t\t\t\t\t<\/span>\n\t\t\t\t\t<\/a>\n\t\t\t\t<\/div>\n\t\t\t\t\t\t\t\t<\/div>\n\t\t\t\t<\/div>\n\t\t\t\t\t<\/div>\n\t\t\t\t<\/div>\n\t\t\t\t<\/div>\n\t\t","protected":false},"excerpt":{"rendered":"<p>Au LAB Cycling, notre mission est de vous accompagner bien au-del\u00e0 de l\u2019entra\u00eenement. L\u2019effort physique ne suffit pas : une r\u00e9cup\u00e9ration de qualit\u00e9 est essentielle pour progresser, \u00e9viter les blessures, et continuer \u00e0 performer s\u00e9ance apr\u00e8s s\u00e9ance. C\u2019est pourquoi nous sommes ravis de vous annoncer un nouveau partenariat avec deux experts de la r\u00e9cup\u00e9ration musculaire [&hellip;]<\/p>\n","protected":false},"author":2,"featured_media":132,"comment_status":"closed","ping_status":"","sticky":false,"template":"","format":"standard","meta":{"_eb_attr":"","inline_featured_image":false,"footnotes":""},"categories":[1],"tags":[],"class_list":["post-131","post","type-post","status-publish","format-standard","has-post-thumbnail","hentry","category-non-classe"],"_links":{"self":[{"href":"https:\/\/blog.lelabcycling.com\/index.php\/wp-json\/wp\/v2\/posts\/131","targetHints":{"allow":["GET"]}}],"collection":[{"href":"https:\/\/blog.lelabcycling.com\/index.php\/wp-json\/wp\/v2\/posts"}],"about":[{"href":"https:\/\/blog.lelabcycling.com\/index.php\/wp-json\/wp\/v2\/types\/post"}],"author":[{"embeddable":true,"href":"https:\/\/blog.lelabcycling.com\/index.php\/wp-json\/wp\/v2\/users\/2"}],"replies":[{"embeddable":true,"href":"https:\/\/blog.lelabcycling.com\/index.php\/wp-json\/wp\/v2\/comments?post=131"}],"version-history":[{"count":27,"href":"https:\/\/blog.lelabcycling.com\/index.php\/wp-json\/wp\/v2\/posts\/131\/revisions"}],"predecessor-version":[{"id":172,"href":"https:\/\/blog.lelabcycling.com\/index.php\/wp-json\/wp\/v2\/posts\/131\/revisions\/172"}],"wp:featuredmedia":[{"embeddable":true,"href":"https:\/\/blog.lelabcycling.com\/index.php\/wp-json\/wp\/v2\/media\/132"}],"wp:attachment":[{"href":"https:\/\/blog.lelabcycling.com\/index.php\/wp-json\/wp\/v2\/media?parent=131"}],"wp:term":[{"taxonomy":"category","embeddable":true,"href":"https:\/\/blog.lelabcycling.com\/index.php\/wp-json\/wp\/v2\/categories?post=131"},{"taxonomy":"post_tag","embeddable":true,"href":"https:\/\/blog.lelabcycling.com\/index.php\/wp-json\/wp\/v2\/tags?post=131"}],"curies":[{"name":"wp","href":"https:\/\/api.w.org\/{rel}","templated":true}]}}