{"id":230,"date":"2026-03-06T12:59:10","date_gmt":"2026-03-06T11:59:10","guid":{"rendered":"https:\/\/blog.lelabcycling.com\/?p=230"},"modified":"2026-03-06T13:28:17","modified_gmt":"2026-03-06T12:28:17","slug":"sport-femme-comprendre-son-corps-pour-mieux-sentrainer","status":"publish","type":"post","link":"https:\/\/blog.lelabcycling.com\/index.php\/2026\/03\/06\/sport-femme-comprendre-son-corps-pour-mieux-sentrainer\/","title":{"rendered":"Sport &#038; Femme : Comprendre son corps pour mieux s\u2019entra\u00eener &#8211; La pubert\u00e9"},"content":{"rendered":"\t\t<div data-elementor-type=\"wp-post\" data-elementor-id=\"230\" class=\"elementor elementor-230\">\n\t\t\t\t<div class=\"elementor-element elementor-element-3f94a1a e-flex e-con-boxed e-con e-parent\" data-id=\"3f94a1a\" data-element_type=\"container\" data-e-type=\"container\">\n\t\t\t\t\t<div class=\"e-con-inner\">\n\t\t\t\t<div class=\"elementor-element elementor-element-dc1ac5d elementor-widget elementor-widget-text-editor\" data-id=\"dc1ac5d\" data-element_type=\"widget\" data-e-type=\"widget\" data-widget_type=\"text-editor.default\">\n\t\t\t\t<div class=\"elementor-widget-container\">\n\t\t\t\t\t\t\t\t\t<p style=\"font-weight: 400;\">Le 8 mars\u00a0est la <strong>Journ\u00e9e internationale des droits de la femme<\/strong>. Cette journ\u00e9e doit rappeler que nous devons aussi\u00a0garantir, \u00e0 toutes les femmes, le droit \u00e0 disposer de leur corps, \u00e0 am\u00e9liorer leur sant\u00e9 et ce, \u00e0 chaque \u00e9tape de leur vie.<\/p><p style=\"font-weight: 400;\">Ainsi, nous vous proposons, au cours du mois de mars, une s\u00e9rie d&#8217;articles d\u00e9taill\u00e9s sur <strong>chaque p\u00e9riode de la vie d&#8217;une femme<\/strong> et les types d&#8217;entrainements pr\u00e9conis\u00e9s &#8211; en ligne sur notre blog et sur Facebook.<\/p>\t\t\t\t\t\t\t\t<\/div>\n\t\t\t\t<\/div>\n\t\t\t\t<div class=\"elementor-element elementor-element-9e89bfa elementor-widget elementor-widget-text-editor\" data-id=\"9e89bfa\" data-element_type=\"widget\" data-e-type=\"widget\" data-widget_type=\"text-editor.default\">\n\t\t\t\t<div class=\"elementor-widget-container\">\n\t\t\t\t\t\t\t\t\t<h4><strong>Un corps en construction<\/strong><\/h4>\t\t\t\t\t\t\t\t<\/div>\n\t\t\t\t<\/div>\n\t\t\t\t\t<\/div>\n\t\t\t\t<\/div>\n\t\t<div class=\"elementor-element elementor-element-32b4117 e-flex e-con-boxed e-con e-parent\" data-id=\"32b4117\" data-element_type=\"container\" data-e-type=\"container\">\n\t\t\t\t\t<div class=\"e-con-inner\">\n\t\t\t\t<div class=\"elementor-element elementor-element-77bd9e5 elementor-widget elementor-widget-text-editor\" data-id=\"77bd9e5\" data-element_type=\"widget\" data-e-type=\"widget\" data-widget_type=\"text-editor.default\">\n\t\t\t\t<div class=\"elementor-widget-container\">\n\t\t\t\t\t\t\t\t\t<p style=\"font-weight: 400;\">Tout au long de la vie, le corps f\u00e9minin traverse de grandes transformations, de la pubert\u00e9 \u00e0 la m\u00e9nopause et elles ont un <strong>impact r\u00e9el sur l\u2019\u00e9nergie, la performance et le bien-\u00eatre<\/strong>.<\/p><p style=\"font-weight: 400;\">Dans une soci\u00e9t\u00e9 o\u00f9 ces sujets restent encore trop souvent tabous, nous, <strong>au Lab Cycling avons choisi d\u2019adopter une approche diff\u00e9rente<\/strong> et de <strong>briser les codes<\/strong>, en parlant ouvertement de l\u2019impact du corps f\u00e9minin sur la pratique sportive.<\/p>\t\t\t\t\t\t\t\t<\/div>\n\t\t\t\t<\/div>\n\t\t\t\t\t<\/div>\n\t\t\t\t<\/div>\n\t\t<div class=\"elementor-element elementor-element-a451809 e-flex e-con-boxed e-con e-parent\" data-id=\"a451809\" data-element_type=\"container\" data-e-type=\"container\">\n\t\t\t\t\t<div class=\"e-con-inner\">\n\t\t\t\t<div class=\"elementor-element elementor-element-e73466e elementor-widget elementor-widget-text-editor\" data-id=\"e73466e\" data-element_type=\"widget\" data-e-type=\"widget\" data-widget_type=\"text-editor.default\">\n\t\t\t\t<div class=\"elementor-widget-container\">\n\t\t\t\t\t\t\t\t\t<div><p>Avant que le corps n\u2019entre dans la p\u00e9riode adulte avec des cycles menstruels r\u00e9guliers, il traverse la pubert\u00e9, une phase qui dure g\u00e9n\u00e9ralement <strong>cinq ans<\/strong> et qui <strong>transforme profond\u00e9ment le corps<\/strong>. Ces changements peuvent cr\u00e9er des sensations de g\u00eane ou de malaise et certaines adolescentes choisissent alors de s\u2019\u00e9loigner de l\u2019activit\u00e9 physique.<\/p><\/div><div><p>Les chiffres le confirment : chez les filles de 12 \u00e0 14 ans,<span class=\"apple-converted-space\">\u00a0<\/span><strong>42 % d\u00e9clarent \u00e9viter toute activit\u00e9 sportive pendant leurs r\u00e8gles<\/strong>. De plus,<span class=\"apple-converted-space\">\u00a0<\/span><strong>34 % n\u2019appr\u00e9cient pas les cours d\u2019\u00e9ducation physique<\/strong><span class=\"apple-converted-space\">\u00a0<\/span>parce qu\u2019elles n\u2019aiment pas \u00eatre observ\u00e9es et<span class=\"apple-converted-space\">\u00a0<\/span><strong>35 % n\u2019y participent pas par manque de confiance en elles.<\/strong><\/p><\/div><div><p>Pourtant, rester active \u00e0 cette \u00e9tape est crucial. Le sport aide \u00e0 d\u00e9velopper la coordination, la motricit\u00e9 et la force, tout en renfor\u00e7ant la<strong> confiance en soi<\/strong>. Les jeunes filles qui pratiquent une activit\u00e9 physique r\u00e9guli\u00e8rement ont \u00e9galement plus de chances de <strong>rester actives \u00e0 l\u2019\u00e2ge adulte<\/strong>. De plus, l\u2019exercice peut soulager certains sympt\u00f4mes menstruels gr\u00e2ce \u00e0 la production d\u2019endorphines, hormones naturelles qui am\u00e9liorent l\u2019humeur et agissent comme des antidouleurs.<\/p><\/div><div><p><strong>Accompagner les adolescentes<\/strong> pour qu\u2019elles comprennent que ces transformations sont normales et valoriser leur corps peut faire toute la diff\u00e9rence dans leur rapport au sport et <strong>au plaisir de bouger.<\/strong><\/p><\/div>\t\t\t\t\t\t\t\t<\/div>\n\t\t\t\t<\/div>\n\t\t\t\t\t<\/div>\n\t\t\t\t<\/div>\n\t\t<div class=\"elementor-element elementor-element-4e14d0e e-flex e-con-boxed e-con e-parent\" data-id=\"4e14d0e\" data-element_type=\"container\" data-e-type=\"container\">\n\t\t\t\t\t<div class=\"e-con-inner\">\n\t\t\t\t<div class=\"elementor-element elementor-element-994cea8 elementor-widget elementor-widget-text-editor\" data-id=\"994cea8\" data-element_type=\"widget\" data-e-type=\"widget\" data-widget_type=\"text-editor.default\">\n\t\t\t\t<div class=\"elementor-widget-container\">\n\t\t\t\t\t\t\t\t\t<p>Attendez la semaine prochaine pour notre article sur la p\u00e9riode adulte !<\/p>\t\t\t\t\t\t\t\t<\/div>\n\t\t\t\t<\/div>\n\t\t\t\t\t<\/div>\n\t\t\t\t<\/div>\n\t\t\t\t<\/div>\n\t\t","protected":false},"excerpt":{"rendered":"<p>Le 8 mars\u00a0est la Journ\u00e9e internationale des droits de la femme. Cette journ\u00e9e doit rappeler que nous devons aussi\u00a0garantir, \u00e0 toutes les femmes, le droit \u00e0 disposer de leur corps, \u00e0 am\u00e9liorer leur sant\u00e9 et ce, \u00e0 chaque \u00e9tape de leur vie. Ainsi, nous vous proposons, au cours du mois de mars, une s\u00e9rie d&#8217;articles [&hellip;]<\/p>\n","protected":false},"author":3,"featured_media":244,"comment_status":"closed","ping_status":"closed","sticky":false,"template":"","format":"standard","meta":{"_eb_attr":"","inline_featured_image":false,"footnotes":""},"categories":[1],"tags":[],"class_list":["post-230","post","type-post","status-publish","format-standard","has-post-thumbnail","hentry","category-non-classe"],"_links":{"self":[{"href":"https:\/\/blog.lelabcycling.com\/index.php\/wp-json\/wp\/v2\/posts\/230","targetHints":{"allow":["GET"]}}],"collection":[{"href":"https:\/\/blog.lelabcycling.com\/index.php\/wp-json\/wp\/v2\/posts"}],"about":[{"href":"https:\/\/blog.lelabcycling.com\/index.php\/wp-json\/wp\/v2\/types\/post"}],"author":[{"embeddable":true,"href":"https:\/\/blog.lelabcycling.com\/index.php\/wp-json\/wp\/v2\/users\/3"}],"replies":[{"embeddable":true,"href":"https:\/\/blog.lelabcycling.com\/index.php\/wp-json\/wp\/v2\/comments?post=230"}],"version-history":[{"count":13,"href":"https:\/\/blog.lelabcycling.com\/index.php\/wp-json\/wp\/v2\/posts\/230\/revisions"}],"predecessor-version":[{"id":245,"href":"https:\/\/blog.lelabcycling.com\/index.php\/wp-json\/wp\/v2\/posts\/230\/revisions\/245"}],"wp:featuredmedia":[{"embeddable":true,"href":"https:\/\/blog.lelabcycling.com\/index.php\/wp-json\/wp\/v2\/media\/244"}],"wp:attachment":[{"href":"https:\/\/blog.lelabcycling.com\/index.php\/wp-json\/wp\/v2\/media?parent=230"}],"wp:term":[{"taxonomy":"category","embeddable":true,"href":"https:\/\/blog.lelabcycling.com\/index.php\/wp-json\/wp\/v2\/categories?post=230"},{"taxonomy":"post_tag","embeddable":true,"href":"https:\/\/blog.lelabcycling.com\/index.php\/wp-json\/wp\/v2\/tags?post=230"}],"curies":[{"name":"wp","href":"https:\/\/api.w.org\/{rel}","templated":true}]}}