{"id":257,"date":"2026-03-19T11:19:56","date_gmt":"2026-03-19T10:19:56","guid":{"rendered":"https:\/\/blog.lelabcycling.com\/?p=257"},"modified":"2026-03-19T11:20:35","modified_gmt":"2026-03-19T10:20:35","slug":"sport-femme-menopause-comprendre-la-transition-et-adapter-sa-pratique-sportive","status":"publish","type":"post","link":"https:\/\/blog.lelabcycling.com\/index.php\/2026\/03\/19\/sport-femme-menopause-comprendre-la-transition-et-adapter-sa-pratique-sportive\/","title":{"rendered":"Sport &#038; Femme : M\u00e9nopause : Comprendre la transition et adapter sa pratique sportive !"},"content":{"rendered":"\t\t<div data-elementor-type=\"wp-post\" data-elementor-id=\"257\" class=\"elementor elementor-257\">\n\t\t\t\t<div class=\"elementor-element elementor-element-3f94a1a e-flex e-con-boxed e-con e-parent\" data-id=\"3f94a1a\" data-element_type=\"container\" data-e-type=\"container\">\n\t\t\t\t\t<div class=\"e-con-inner\">\n\t\t\t\t<div class=\"elementor-element elementor-element-dc1ac5d elementor-widget elementor-widget-text-editor\" data-id=\"dc1ac5d\" data-element_type=\"widget\" data-e-type=\"widget\" data-widget_type=\"text-editor.default\">\n\t\t\t\t<div class=\"elementor-widget-container\">\n\t\t\t\t\t\t\t\t\t<p style=\"font-weight: 400;\">Le 8 mars\u00a0est la <strong>Journ\u00e9e internationale des droits de la femme<\/strong>. Cette journ\u00e9e doit rappeler que nous devons aussi garantir, \u00e0 toutes les femmes, le <strong>droit \u00e0 disposer de leur corps<\/strong>, \u00e0 am\u00e9liorer la sant\u00e9 et ce, \u00e0 chaque \u00e9tape de leur vie.<\/p><p style=\"font-weight: 400;\">Ainsi, nous vous proposons, au cours du mois de mars, une s\u00e9rie d&#8217;articles d\u00e9taill\u00e9s sur chaque <strong>p\u00e9riode de la vie<\/strong> d&#8217;une femme et les types d&#8217;entrainements pr\u00e9conis\u00e9s &#8211; en ligne sur notre blog et sur Facebook.<\/p><p style=\"font-weight: 400;\">Dans une soci\u00e9t\u00e9 o\u00f9 ces sujets restent encore trop souvent <strong>tabous<\/strong>, nous au Lab Cycling avons choisi d\u2019adopter une approche diff\u00e9rente et de briser les codes, en parlant ouvertement de l\u2019<strong>impact du corps f\u00e9minin sur la pratique sportive.<\/strong><\/p>\t\t\t\t\t\t\t\t<\/div>\n\t\t\t\t<\/div>\n\t\t\t\t<div class=\"elementor-element elementor-element-9e89bfa elementor-widget elementor-widget-text-editor\" data-id=\"9e89bfa\" data-element_type=\"widget\" data-e-type=\"widget\" data-widget_type=\"text-editor.default\">\n\t\t\t\t<div class=\"elementor-widget-container\">\n\t\t\t\t\t\t\t\t\t<h2 style=\"margin: 8pt 0cm 4pt; line-height: 24.533335px; break-after: avoid; font-size: 16pt; font-family: 'Aptos Display', sans-serif; color: #0f4761; text-align: justify;\"><b><span style=\"font-family: Arial, sans-serif; color: black;\">Comprendre la transition et adapter sa pratique sportive\u00a0!<\/span><\/b><\/h2>\t\t\t\t\t\t\t\t<\/div>\n\t\t\t\t<\/div>\n\t\t\t\t\t<\/div>\n\t\t\t\t<\/div>\n\t\t<div class=\"elementor-element elementor-element-32b4117 e-flex e-con-boxed e-con e-parent\" data-id=\"32b4117\" data-element_type=\"container\" data-e-type=\"container\">\n\t\t\t\t\t<div class=\"e-con-inner\">\n\t\t\t\t<div class=\"elementor-element elementor-element-77bd9e5 elementor-widget elementor-widget-text-editor\" data-id=\"77bd9e5\" data-element_type=\"widget\" data-e-type=\"widget\" data-widget_type=\"text-editor.default\">\n\t\t\t\t<div class=\"elementor-widget-container\">\n\t\t\t\t\t\t\t\t\t<div><p>La m\u00e9nopause marque la<strong> fin des cycles menstruels<\/strong>, mais elle ne survient pas du jour au lendemain. Elle est pr\u00e9c\u00e9d\u00e9e par la <strong>p\u00e9ri-m\u00e9nopause<\/strong>, une phase de transition hormonale qui peut durer 8 \u00e0 10 ans avant l\u2019arr\u00eat d\u00e9finitif des r\u00e8gles. Durant cette p\u00e9riode, les <strong>ovulations deviennent irr\u00e9guli\u00e8res<\/strong> : certains mois avec ovulation, d\u2019autres sans. Les hormones fluctuent davantage, avec des p\u00e9riodes domin\u00e9es par les \u0153strog\u00e8nes puis par la progest\u00e9rone.<\/p><\/div><div><p>Et cette transition commence souvent plus t\u00f4t qu\u2019on ne l\u2019imagine : parfois d\u00e8s la <strong>fin de la trentaine<\/strong> et fr\u00e9quemment au d\u00e9but de la quarantaine.<\/p><\/div><div><p>Avec la baisse progressive des \u0153strog\u00e8nes, <strong>le corps change<\/strong>. On observe davantage de stockage des graisses, une diminution de la masse musculaire, une perte acc\u00e9l\u00e9r\u00e9e de densit\u00e9 osseuse augmentant le risque d\u2019ost\u00e9oporose, ainsi que des sympt\u00f4mes comme les bouff\u00e9es de chaleur, la fatigue, les troubles du sommeil, l\u2019irritabilit\u00e9 ou les sautes d\u2019humeur. C\u2019est un v\u00e9ritable <strong>bouleversement hormonal<\/strong> qui impacte \u00e0 la fois le physique et le mental.<\/p><\/div><div><p>Dans ce contexte, <strong>l\u2019activit\u00e9 physique<\/strong> n\u2019est plus seulement une question d\u2019esth\u00e9tique ou de performance : elle devient un v\u00e9ritable <strong>outil de sant\u00e9.<\/strong><\/p><\/div>\t\t\t\t\t\t\t\t<\/div>\n\t\t\t\t<\/div>\n\t\t\t\t\t<\/div>\n\t\t\t\t<\/div>\n\t\t<div class=\"elementor-element elementor-element-a9549d7 e-flex e-con-boxed e-con e-parent\" data-id=\"a9549d7\" data-element_type=\"container\" data-e-type=\"container\">\n\t\t\t\t\t<div class=\"e-con-inner\">\n\t\t\t\t<div class=\"elementor-element elementor-element-e129eed elementor-widget elementor-widget-heading\" data-id=\"e129eed\" data-element_type=\"widget\" data-e-type=\"widget\" data-widget_type=\"heading.default\">\n\t\t\t\t<div class=\"elementor-widget-container\">\n\t\t\t\t\t<h2 class=\"elementor-heading-title elementor-size-default\">Quelles pratiques sportives adopter ?<\/h2>\t\t\t\t<\/div>\n\t\t\t\t<\/div>\n\t\t\t\t\t<\/div>\n\t\t\t\t<\/div>\n\t\t<div class=\"elementor-element elementor-element-a451809 e-flex e-con-boxed e-con e-parent\" data-id=\"a451809\" data-element_type=\"container\" data-e-type=\"container\">\n\t\t\t\t\t<div class=\"e-con-inner\">\n\t\t\t\t<div class=\"elementor-element elementor-element-e73466e elementor-widget elementor-widget-text-editor\" data-id=\"e73466e\" data-element_type=\"widget\" data-e-type=\"widget\" data-widget_type=\"text-editor.default\">\n\t\t\t\t<div class=\"elementor-widget-container\">\n\t\t\t\t\t\t\t\t\t<div><p>La priorit\u00e9 absolue \u00e0 cette p\u00e9riode est le <strong>renforcement musculaire<\/strong>. Avec la diminution des \u0153strog\u00e8nes, la masse musculaire baisse plus rapidement. <strong>Travailler avec des charges<\/strong> (poids libres, machines, \u00e9lastiques, poids du corps avec intensit\u00e9 progressive) permet de pr\u00e9server le muscle, de soutenir le m\u00e9tabolisme et de limiter la prise de masse grasse abdominale. Le <strong>muscle devient un alli\u00e9 hormonal<\/strong> <strong>et m\u00e9tabolique<\/strong>.<\/p><\/div><div><p>Le travail en charge est \u00e9galement essentiel pour la <strong>sant\u00e9 osseuse<\/strong>. Les exercices qui sollicitent le squelette (squats, fentes, soulev\u00e9s de terre, exercices port\u00e9s) stimulent la densit\u00e9 min\u00e9rale osseuse et r\u00e9duisent le risque de fractures.<\/p><\/div><div><p>Le<strong> cardio<\/strong>, lui, doit \u00eatre <strong>adapt\u00e9<\/strong>. \u00c0 la m\u00e9nopause, le taux de cortisol (l\u2019hormone du stress) peut \u00eatre plus \u00e9lev\u00e9. Un cardio long, intense et r\u00e9p\u00e9t\u00e9 (comme courir plusieurs fois par semaine 5 \u00e0 10 km \u00e0 allure soutenue) peut <strong>accentuer cette production de cortisol<\/strong> et freiner les b\u00e9n\u00e9fices recherch\u00e9s.<\/p><\/div><div><p>En revanche, le travail <strong>fractionn\u00e9<\/strong> est plus pertinent : des <strong>intervalles courts d\u2019intensit\u00e9<\/strong> (1 \u00e0 2 minutes) suivis de phases de r\u00e9cup\u00e9ration plus longues (3 \u00e0 4 minutes) permettent de stimuler le syst\u00e8me cardiovasculaire sans entretenir un stress chronique.<\/p><\/div><div><p>Les activit\u00e9s d\u2019<strong>endurance mod\u00e9r\u00e9e<\/strong> comme la marche active, le v\u00e9lo \u00e0 intensit\u00e9 contr\u00f4l\u00e9e ou la natation restent int\u00e9ressantes, notamment pour la r\u00e9cup\u00e9ration, la r\u00e9gulation du stress et la qualit\u00e9 du sommeil.<\/p><\/div><div><p>Enfin, les pratiques int\u00e9grant <strong>mobilit\u00e9 et respiration<\/strong> (yoga dynamique, Pilates, stretching actif) sont particuli\u00e8rement b\u00e9n\u00e9fiques pour limiter les tensions, am\u00e9liorer la posture et soutenir l\u2019\u00e9quilibre nerveux.<\/p><\/div><div><p>La m\u00e9nopause n\u2019est pas une fin, mais <strong>une phase d\u2019adaptation<\/strong>. L\u2019entra\u00eenement doit \u00e9voluer avec le corps : plus strat\u00e9gique, plus cibl\u00e9, mais toujours guid\u00e9 par une r\u00e8gle essentielle\u00a0: <strong>s\u2019\u00e9couter<\/strong>.<\/p><\/div>\t\t\t\t\t\t\t\t<\/div>\n\t\t\t\t<\/div>\n\t\t\t\t\t<\/div>\n\t\t\t\t<\/div>\n\t\t<div class=\"elementor-element elementor-element-4e14d0e e-flex e-con-boxed e-con e-parent\" data-id=\"4e14d0e\" data-element_type=\"container\" data-e-type=\"container\">\n\t\t\t\t\t<div class=\"e-con-inner\">\n\t\t\t\t<div class=\"elementor-element elementor-element-994cea8 elementor-widget elementor-widget-text-editor\" data-id=\"994cea8\" data-element_type=\"widget\" data-e-type=\"widget\" data-widget_type=\"text-editor.default\">\n\t\t\t\t<div class=\"elementor-widget-container\">\n\t\t\t\t\t\t\t\t\t<p>Attendez la semaine prochaine pour notre article sur la grossesse !<\/p>\t\t\t\t\t\t\t\t<\/div>\n\t\t\t\t<\/div>\n\t\t\t\t\t<\/div>\n\t\t\t\t<\/div>\n\t\t\t\t<\/div>\n\t\t","protected":false},"excerpt":{"rendered":"<p>Le 8 mars\u00a0est la Journ\u00e9e internationale des droits de la femme. Cette journ\u00e9e doit rappeler que nous devons aussi garantir, \u00e0 toutes les femmes, le droit \u00e0 disposer de leur corps, \u00e0 am\u00e9liorer la sant\u00e9 et ce, \u00e0 chaque \u00e9tape de leur vie. Ainsi, nous vous proposons, au cours du mois de mars, une s\u00e9rie [&hellip;]<\/p>\n","protected":false},"author":3,"featured_media":259,"comment_status":"closed","ping_status":"closed","sticky":false,"template":"","format":"standard","meta":{"_eb_attr":"","inline_featured_image":false,"footnotes":""},"categories":[1],"tags":[],"class_list":["post-257","post","type-post","status-publish","format-standard","has-post-thumbnail","hentry","category-non-classe"],"_links":{"self":[{"href":"https:\/\/blog.lelabcycling.com\/index.php\/wp-json\/wp\/v2\/posts\/257","targetHints":{"allow":["GET"]}}],"collection":[{"href":"https:\/\/blog.lelabcycling.com\/index.php\/wp-json\/wp\/v2\/posts"}],"about":[{"href":"https:\/\/blog.lelabcycling.com\/index.php\/wp-json\/wp\/v2\/types\/post"}],"author":[{"embeddable":true,"href":"https:\/\/blog.lelabcycling.com\/index.php\/wp-json\/wp\/v2\/users\/3"}],"replies":[{"embeddable":true,"href":"https:\/\/blog.lelabcycling.com\/index.php\/wp-json\/wp\/v2\/comments?post=257"}],"version-history":[{"count":4,"href":"https:\/\/blog.lelabcycling.com\/index.php\/wp-json\/wp\/v2\/posts\/257\/revisions"}],"predecessor-version":[{"id":262,"href":"https:\/\/blog.lelabcycling.com\/index.php\/wp-json\/wp\/v2\/posts\/257\/revisions\/262"}],"wp:featuredmedia":[{"embeddable":true,"href":"https:\/\/blog.lelabcycling.com\/index.php\/wp-json\/wp\/v2\/media\/259"}],"wp:attachment":[{"href":"https:\/\/blog.lelabcycling.com\/index.php\/wp-json\/wp\/v2\/media?parent=257"}],"wp:term":[{"taxonomy":"category","embeddable":true,"href":"https:\/\/blog.lelabcycling.com\/index.php\/wp-json\/wp\/v2\/categories?post=257"},{"taxonomy":"post_tag","embeddable":true,"href":"https:\/\/blog.lelabcycling.com\/index.php\/wp-json\/wp\/v2\/tags?post=257"}],"curies":[{"name":"wp","href":"https:\/\/api.w.org\/{rel}","templated":true}]}}